{"id":4864,"date":"2023-04-11T06:59:06","date_gmt":"2023-04-11T05:59:06","guid":{"rendered":"https:\/\/blogs.cpnl.cat\/sarriaambgracia\/?p=4864"},"modified":"2023-04-11T08:45:23","modified_gmt":"2023-04-11T07:45:23","slug":"club-de-lectura-especial-sant-jordi","status":"publish","type":"post","link":"https:\/\/blogs.cpnl.cat\/sarriaambgracia\/?p=4864","title":{"rendered":"Club de lectura de Sant Jordi"},"content":{"rendered":"<p><span style=\"color: #333399;\"><strong>Dimecres 19 d&#8217;abril, de 18.30 a 19.30 h<\/strong><\/span><\/p>\n<p><span style=\"color: #333399;\"><strong>Espai Putxet<\/strong><\/span><\/p>\n<p><img loading=\"lazy\" decoding=\"async\" class=\"alignleft\" src=\"https:\/\/www.illadelsllibres.com\/wp-content\/uploads\/2016\/10\/el-temps-de-les-cireres_montserrat-roig.jpg\" alt=\"Edicions 62 publica una edici\u00f3 commemorativa de \u2018El temps de les ...\" width=\"145\" height=\"222\" \/><\/p>\n<p>&nbsp;<\/p>\n<p>Club de lectura on es comentar\u00e0 <i>El temps de les cireres,<\/i> de Montserrat Roig, Premi Sant Jordi de Novel\u00b7la l\u2019any 1976. L&#8217;obra mostra tres generacions d&#8217;una fam\u00edlia amb una mirada cr\u00edtica a la burgesia catalana i un retrat social de tota una \u00e8poca.<\/p>\n<p>El llibre es pot recollir a l\u2019<a href=\"http:\/\/www.espaiputget.com\/\">Espai Putxet<\/a>.<\/p>\n<p>&nbsp;<\/p>\n<p>&nbsp;<\/p>\n","protected":false},"excerpt":{"rendered":"<p>Dimecres 19 d&#8217;abril, de 18.30 a 19.30 h Espai Putxet &nbsp; Club de lectura on es comentar\u00e0 El temps de les cireres, de Montserrat Roig, Premi Sant Jordi de Novel\u00b7la l\u2019any 1976. L&#8217;obra mostra tres generacions d&#8217;una fam\u00edlia amb una mirada cr\u00edtica a la burgesia catalana i un retrat social de tota una \u00e8poca. El [&hellip;]<\/p>\n","protected":false},"author":527,"featured_media":0,"comment_status":"open","ping_status":"closed","sticky":false,"template":"","format":"standard","meta":{"ngg_post_thumbnail":0,"footnotes":""},"categories":[140808,6],"tags":[],"class_list":["post-4864","post","type-post","status-publish","format-standard","hentry","category-activitats-literaries-i-trobades-amb-autors","category-general"],"_links":{"self":[{"href":"https:\/\/blogs.cpnl.cat\/sarriaambgracia\/index.php?rest_route=\/wp\/v2\/posts\/4864","targetHints":{"allow":["GET"]}}],"collection":[{"href":"https:\/\/blogs.cpnl.cat\/sarriaambgracia\/index.php?rest_route=\/wp\/v2\/posts"}],"about":[{"href":"https:\/\/blogs.cpnl.cat\/sarriaambgracia\/index.php?rest_route=\/wp\/v2\/types\/post"}],"author":[{"embeddable":true,"href":"https:\/\/blogs.cpnl.cat\/sarriaambgracia\/index.php?rest_route=\/wp\/v2\/users\/527"}],"replies":[{"embeddable":true,"href":"https:\/\/blogs.cpnl.cat\/sarriaambgracia\/index.php?rest_route=%2Fwp%2Fv2%2Fcomments&post=4864"}],"version-history":[{"count":0,"href":"https:\/\/blogs.cpnl.cat\/sarriaambgracia\/index.php?rest_route=\/wp\/v2\/posts\/4864\/revisions"}],"wp:attachment":[{"href":"https:\/\/blogs.cpnl.cat\/sarriaambgracia\/index.php?rest_route=%2Fwp%2Fv2%2Fmedia&parent=4864"}],"wp:term":[{"taxonomy":"category","embeddable":true,"href":"https:\/\/blogs.cpnl.cat\/sarriaambgracia\/index.php?rest_route=%2Fwp%2Fv2%2Fcategories&post=4864"},{"taxonomy":"post_tag","embeddable":true,"href":"https:\/\/blogs.cpnl.cat\/sarriaambgracia\/index.php?rest_route=%2Fwp%2Fv2%2Ftags&post=4864"}],"curies":[{"name":"wp","href":"https:\/\/api.w.org\/{rel}","templated":true}]}}