{"id":4898,"date":"2023-04-19T11:27:44","date_gmt":"2023-04-19T10:27:44","guid":{"rendered":"https:\/\/blogs.cpnl.cat\/sarriaambgracia\/?p=4898"},"modified":"2023-04-25T11:37:55","modified_gmt":"2023-04-25T10:37:55","slug":"sant-jordi-al-putxet","status":"publish","type":"post","link":"https:\/\/blogs.cpnl.cat\/sarriaambgracia\/?p=4898","title":{"rendered":"Sant Jordi al Putxet"},"content":{"rendered":"<div>\n<p>El dimecres 19 d&#8217;abril a la tarda va tenir lloc el taller de microrelats a l&#8217;Espai Putget. El taller va ser am\u00e8 i creatiu. Es va fer una lectura de diversos microrelats de Pere Calders, Merc\u00e8 Rodoreda i Jordi Cebrian, que es van enregistrar tamb\u00e9 al programa Dones a les Ones especial de Sant Jordi, de R\u00e0dio Farr\u00f3. Tamb\u00e9 es van llegir els microrelats creats durant el taller i en van sortir de molt bonics.<\/p>\n<p><img decoding=\"async\" src=\"https:\/\/estatics-nasia.dtibcn.cat\/nasia-pro\/media\/99400219650-espaiputxet-petita.jpg\" alt=\"Casal de Barri Espai Putxet\" \/><\/p>\n<p>Tot seguit, al club de lectura, es va comentar <i>El temps de les cireres<\/i>, de Montserrat Roig, guardonada amb el Premi Sant Jordi de Novel\u00b7la el 1976. \u00c9s el retrat de tres generacions d&#8217;una fam\u00edlia a partir de la qual l&#8217;autora fa una mirada cr\u00edtica a la burgesia catalana i un retrat social de tota una \u00e8poca.<\/p>\n<div><\/div>\n<\/div>\n","protected":false},"excerpt":{"rendered":"<p>El dimecres 19 d&#8217;abril a la tarda va tenir lloc el taller de microrelats a l&#8217;Espai Putget. El taller va ser am\u00e8 i creatiu. Es va fer una lectura de diversos microrelats de Pere Calders, Merc\u00e8 Rodoreda i Jordi Cebrian, que es van enregistrar tamb\u00e9 al programa Dones a les Ones especial de Sant Jordi, [&hellip;]<\/p>\n","protected":false},"author":527,"featured_media":0,"comment_status":"open","ping_status":"closed","sticky":false,"template":"","format":"standard","meta":{"ngg_post_thumbnail":0,"footnotes":""},"categories":[140808,6],"tags":[],"class_list":["post-4898","post","type-post","status-publish","format-standard","hentry","category-activitats-literaries-i-trobades-amb-autors","category-general"],"_links":{"self":[{"href":"https:\/\/blogs.cpnl.cat\/sarriaambgracia\/index.php?rest_route=\/wp\/v2\/posts\/4898","targetHints":{"allow":["GET"]}}],"collection":[{"href":"https:\/\/blogs.cpnl.cat\/sarriaambgracia\/index.php?rest_route=\/wp\/v2\/posts"}],"about":[{"href":"https:\/\/blogs.cpnl.cat\/sarriaambgracia\/index.php?rest_route=\/wp\/v2\/types\/post"}],"author":[{"embeddable":true,"href":"https:\/\/blogs.cpnl.cat\/sarriaambgracia\/index.php?rest_route=\/wp\/v2\/users\/527"}],"replies":[{"embeddable":true,"href":"https:\/\/blogs.cpnl.cat\/sarriaambgracia\/index.php?rest_route=%2Fwp%2Fv2%2Fcomments&post=4898"}],"version-history":[{"count":0,"href":"https:\/\/blogs.cpnl.cat\/sarriaambgracia\/index.php?rest_route=\/wp\/v2\/posts\/4898\/revisions"}],"wp:attachment":[{"href":"https:\/\/blogs.cpnl.cat\/sarriaambgracia\/index.php?rest_route=%2Fwp%2Fv2%2Fmedia&parent=4898"}],"wp:term":[{"taxonomy":"category","embeddable":true,"href":"https:\/\/blogs.cpnl.cat\/sarriaambgracia\/index.php?rest_route=%2Fwp%2Fv2%2Fcategories&post=4898"},{"taxonomy":"post_tag","embeddable":true,"href":"https:\/\/blogs.cpnl.cat\/sarriaambgracia\/index.php?rest_route=%2Fwp%2Fv2%2Ftags&post=4898"}],"curies":[{"name":"wp","href":"https:\/\/api.w.org\/{rel}","templated":true}]}}