{"id":4927,"date":"2023-06-02T08:18:56","date_gmt":"2023-06-02T07:18:56","guid":{"rendered":"https:\/\/blogs.cpnl.cat\/sarriaambgracia\/?p=4927"},"modified":"2023-06-02T09:21:15","modified_gmt":"2023-06-02T08:21:15","slug":"activitats-a-lespai-putget","status":"publish","type":"post","link":"https:\/\/blogs.cpnl.cat\/sarriaambgracia\/?p=4927","title":{"rendered":"Activitats conjuntes a l&#8217;Espai Putxet"},"content":{"rendered":"<p>El dimecres 31 de maig vam dur a terme la darrera sessi\u00f3 del club de lectura a l&#8217;<strong><a href=\"http:\/\/www.espaiputget.com\/\">Espai Putxet <\/a><\/strong>\u00a0com a activitat conjunta amb el CNL de Barcelona. Vam iniciar l&#8217;activitat la tardor del 2018, amb la col\u00b7laboraci\u00f3 de la <strong><a href=\"https:\/\/ajuntament.barcelona.cat\/biblioteques\/bibsantgervasi\/ca\">Biblioteca Sant Gervasi &#8211; Joan Maragall<\/a><\/strong>, i s&#8217;han llegit 27 llibres en llengua catalana de g\u00e8neres i autors diversos.<\/p>\n<p>Paral\u00b7lelament al club de lectura, hi hem dut a terme activitats com trobades amb autor, taller de microrelats, sessi\u00f3 de llenguatge inclusiu, sessi\u00f3 de recursos ling\u00fc\u00edstics i presentaci\u00f3 del Voluntariat per la Llengua, entre les m\u00e9s destacades. En aquestes activitats, a banda dels participants al club, hi han assistit altres persones usu\u00e0ries de l&#8217;equipament i del barri.<\/p>\n<p>A partir del proper mes de setembre el club de lectura continuar\u00e0 i es mantindr\u00e0 com una activitat fixa i consolidada al centre. Per tant, tothom que vulgui podr\u00e0 apuntar-s&#8217;hi i gaudir de la lectura.<\/p>\n<p><img loading=\"lazy\" decoding=\"async\" class=\"\" src=\"http:\/\/www.espaiputget.com\/cmsFiles\/rte\/espaiputxet-gran.jpg\" alt=\"fa\u00e7ana\" width=\"337\" height=\"224\" \/><\/p>\n","protected":false},"excerpt":{"rendered":"<p>El dimecres 31 de maig vam dur a terme la darrera sessi\u00f3 del club de lectura a l&#8217;Espai Putxet \u00a0com a activitat conjunta amb el CNL de Barcelona. Vam iniciar l&#8217;activitat la tardor del 2018, amb la col\u00b7laboraci\u00f3 de la Biblioteca Sant Gervasi &#8211; Joan Maragall, i s&#8217;han llegit 27 llibres en llengua catalana de [&hellip;]<\/p>\n","protected":false},"author":527,"featured_media":0,"comment_status":"open","ping_status":"closed","sticky":false,"template":"","format":"standard","meta":{"ngg_post_thumbnail":0,"footnotes":""},"categories":[140808,6],"tags":[],"class_list":["post-4927","post","type-post","status-publish","format-standard","hentry","category-activitats-literaries-i-trobades-amb-autors","category-general"],"_links":{"self":[{"href":"https:\/\/blogs.cpnl.cat\/sarriaambgracia\/index.php?rest_route=\/wp\/v2\/posts\/4927","targetHints":{"allow":["GET"]}}],"collection":[{"href":"https:\/\/blogs.cpnl.cat\/sarriaambgracia\/index.php?rest_route=\/wp\/v2\/posts"}],"about":[{"href":"https:\/\/blogs.cpnl.cat\/sarriaambgracia\/index.php?rest_route=\/wp\/v2\/types\/post"}],"author":[{"embeddable":true,"href":"https:\/\/blogs.cpnl.cat\/sarriaambgracia\/index.php?rest_route=\/wp\/v2\/users\/527"}],"replies":[{"embeddable":true,"href":"https:\/\/blogs.cpnl.cat\/sarriaambgracia\/index.php?rest_route=%2Fwp%2Fv2%2Fcomments&post=4927"}],"version-history":[{"count":0,"href":"https:\/\/blogs.cpnl.cat\/sarriaambgracia\/index.php?rest_route=\/wp\/v2\/posts\/4927\/revisions"}],"wp:attachment":[{"href":"https:\/\/blogs.cpnl.cat\/sarriaambgracia\/index.php?rest_route=%2Fwp%2Fv2%2Fmedia&parent=4927"}],"wp:term":[{"taxonomy":"category","embeddable":true,"href":"https:\/\/blogs.cpnl.cat\/sarriaambgracia\/index.php?rest_route=%2Fwp%2Fv2%2Fcategories&post=4927"},{"taxonomy":"post_tag","embeddable":true,"href":"https:\/\/blogs.cpnl.cat\/sarriaambgracia\/index.php?rest_route=%2Fwp%2Fv2%2Ftags&post=4927"}],"curies":[{"name":"wp","href":"https:\/\/api.w.org\/{rel}","templated":true}]}}