{"id":4951,"date":"2023-06-08T07:01:14","date_gmt":"2023-06-08T06:01:14","guid":{"rendered":"https:\/\/blogs.cpnl.cat\/sarriaambgracia\/?p=4951"},"modified":"2023-06-08T11:59:25","modified_gmt":"2023-06-08T10:59:25","slug":"sortida-a-la-biblioteca-clara-i-la-biblioteca-jaume-fuster","status":"publish","type":"post","link":"https:\/\/blogs.cpnl.cat\/sarriaambgracia\/?p=4951","title":{"rendered":"Sortida a la Biblioteca Clar\u00e0 i la Biblioteca Jaume Fuster"},"content":{"rendered":"<p>El grup d&#8217;alumnes de nivell B\u00e0sic 1 de la Rosabel que fan les classes a la Casa Orlandai van visitar la Biblioteca Clar\u00e0 i el curs de B\u00e0sic 1 de l&#8217;Institut Serrat i Bonastre van anar a la Jaume Fuster. Despr\u00e9s de fer el recorregut guiat per l&#8217;espai, van anar a una sala i cada alumne va triar un llibre de lectura f\u00e0cil, en van llegir unes p\u00e0gines i despr\u00e9s van explicar quin llibre havien llegit i de qu\u00e8 anava. Finalment qui va voler es va fer el carnet de la biblioteca.<\/p>\n<p><img loading=\"lazy\" decoding=\"async\" class=\"alignnone  wp-image-4952\" src=\"https:\/\/blogs.cpnl.cat\/sarriaambgracia\/files\/2023\/06\/1686221023248-300x225.jpg\" alt=\"\" width=\"360\" height=\"270\" srcset=\"https:\/\/blogs.cpnl.cat\/sarriaambgracia\/files\/2023\/06\/1686221023248-300x225.jpg 300w, https:\/\/blogs.cpnl.cat\/sarriaambgracia\/files\/2023\/06\/1686221023248-768x576.jpg 768w, https:\/\/blogs.cpnl.cat\/sarriaambgracia\/files\/2023\/06\/1686221023248.jpg 1024w\" sizes=\"auto, (max-width: 360px) 100vw, 360px\" \/> <img loading=\"lazy\" decoding=\"async\" class=\"alignnone  wp-image-4953\" src=\"https:\/\/blogs.cpnl.cat\/sarriaambgracia\/files\/2023\/06\/1686221023242-300x225.jpg\" alt=\"\" width=\"360\" height=\"270\" srcset=\"https:\/\/blogs.cpnl.cat\/sarriaambgracia\/files\/2023\/06\/1686221023242-300x225.jpg 300w, https:\/\/blogs.cpnl.cat\/sarriaambgracia\/files\/2023\/06\/1686221023242-768x576.jpg 768w, https:\/\/blogs.cpnl.cat\/sarriaambgracia\/files\/2023\/06\/1686221023242.jpg 1024w\" sizes=\"auto, (max-width: 360px) 100vw, 360px\" \/><\/p>\n","protected":false},"excerpt":{"rendered":"<p>El grup d&#8217;alumnes de nivell B\u00e0sic 1 de la Rosabel que fan les classes a la Casa Orlandai van visitar la Biblioteca Clar\u00e0 i el curs de B\u00e0sic 1 de l&#8217;Institut Serrat i Bonastre van anar a la Jaume Fuster. Despr\u00e9s de fer el recorregut guiat per l&#8217;espai, van anar a una sala i cada [&hellip;]<\/p>\n","protected":false},"author":527,"featured_media":0,"comment_status":"open","ping_status":"closed","sticky":false,"template":"","format":"standard","meta":{"ngg_post_thumbnail":0,"footnotes":""},"categories":[140808,6,77424],"tags":[],"class_list":["post-4951","post","type-post","status-publish","format-standard","hentry","category-activitats-literaries-i-trobades-amb-autors","category-general","category-lespai-dels-professors"],"_links":{"self":[{"href":"https:\/\/blogs.cpnl.cat\/sarriaambgracia\/index.php?rest_route=\/wp\/v2\/posts\/4951","targetHints":{"allow":["GET"]}}],"collection":[{"href":"https:\/\/blogs.cpnl.cat\/sarriaambgracia\/index.php?rest_route=\/wp\/v2\/posts"}],"about":[{"href":"https:\/\/blogs.cpnl.cat\/sarriaambgracia\/index.php?rest_route=\/wp\/v2\/types\/post"}],"author":[{"embeddable":true,"href":"https:\/\/blogs.cpnl.cat\/sarriaambgracia\/index.php?rest_route=\/wp\/v2\/users\/527"}],"replies":[{"embeddable":true,"href":"https:\/\/blogs.cpnl.cat\/sarriaambgracia\/index.php?rest_route=%2Fwp%2Fv2%2Fcomments&post=4951"}],"version-history":[{"count":0,"href":"https:\/\/blogs.cpnl.cat\/sarriaambgracia\/index.php?rest_route=\/wp\/v2\/posts\/4951\/revisions"}],"wp:attachment":[{"href":"https:\/\/blogs.cpnl.cat\/sarriaambgracia\/index.php?rest_route=%2Fwp%2Fv2%2Fmedia&parent=4951"}],"wp:term":[{"taxonomy":"category","embeddable":true,"href":"https:\/\/blogs.cpnl.cat\/sarriaambgracia\/index.php?rest_route=%2Fwp%2Fv2%2Fcategories&post=4951"},{"taxonomy":"post_tag","embeddable":true,"href":"https:\/\/blogs.cpnl.cat\/sarriaambgracia\/index.php?rest_route=%2Fwp%2Fv2%2Ftags&post=4951"}],"curies":[{"name":"wp","href":"https:\/\/api.w.org\/{rel}","templated":true}]}}