{"id":5005,"date":"2023-10-24T10:28:19","date_gmt":"2023-10-24T09:28:19","guid":{"rendered":"https:\/\/blogs.cpnl.cat\/sarriaambgracia\/?p=5005"},"modified":"2023-10-26T16:21:21","modified_gmt":"2023-10-26T15:21:21","slug":"sortida-a-la-placa-de-la-virreina-per-celebrar-el-5e-aniversari-de-laliga-de-gracia","status":"publish","type":"post","link":"https:\/\/blogs.cpnl.cat\/sarriaambgracia\/?p=5005","title":{"rendered":"Sortida a la pla\u00e7a de la Virreina per celebrar el 5\u00e8 aniversari de l&#8217;\u00c0liga de Gr\u00e0cia"},"content":{"rendered":"<p>Dissabte, 21 d&#8217;octubre, un grup d&#8217;alumnes de nivell b\u00e0sic de l&#8217;associaci\u00f3 Mujeres Migrantes Diversas van participar de la trobada de les colles de cultura popular de Gr\u00e0cia a la pla\u00e7a de la Virreina, amb motiu del 5\u00e8 aniversari de l&#8217;\u00c0liga de Gr\u00e0cia. S&#8217;ho van passar molt b\u00e9 veient el ball de l&#8217;\u00c0liga, el Bou, el Lle\u00f3, i la&nbsp; mostra de tabalers, bastoners i trabucaires.<\/p>\n<p>Aqu\u00ed teniu unes fotos de la trobada.<\/p>\n<p>&nbsp;<\/p>\n<p><img loading=\"lazy\" decoding=\"async\" class=\"alignnone size-medium wp-image-5007\" src=\"https:\/\/blogs.cpnl.cat\/sarriaambgracia\/files\/2023\/10\/IMG_20231021_124300-10-300x225.jpg\" alt=\"\" width=\"300\" height=\"225\" srcset=\"https:\/\/blogs.cpnl.cat\/sarriaambgracia\/files\/2023\/10\/IMG_20231021_124300-10-300x225.jpg 300w, https:\/\/blogs.cpnl.cat\/sarriaambgracia\/files\/2023\/10\/IMG_20231021_124300-10-1024x768.jpg 1024w, https:\/\/blogs.cpnl.cat\/sarriaambgracia\/files\/2023\/10\/IMG_20231021_124300-10-768x576.jpg 768w, https:\/\/blogs.cpnl.cat\/sarriaambgracia\/files\/2023\/10\/IMG_20231021_124300-10-1536x1152.jpg 1536w, https:\/\/blogs.cpnl.cat\/sarriaambgracia\/files\/2023\/10\/IMG_20231021_124300-10-2048x1536.jpg 2048w\" sizes=\"auto, (max-width: 300px) 100vw, 300px\" \/><img loading=\"lazy\" decoding=\"async\" class=\"alignnone size-medium wp-image-5006\" src=\"https:\/\/blogs.cpnl.cat\/sarriaambgracia\/files\/2023\/10\/IMG_20231021_125248-1-300x225.jpg\" alt=\"\" width=\"300\" height=\"225\" srcset=\"https:\/\/blogs.cpnl.cat\/sarriaambgracia\/files\/2023\/10\/IMG_20231021_125248-1-300x225.jpg 300w, https:\/\/blogs.cpnl.cat\/sarriaambgracia\/files\/2023\/10\/IMG_20231021_125248-1-1024x768.jpg 1024w, https:\/\/blogs.cpnl.cat\/sarriaambgracia\/files\/2023\/10\/IMG_20231021_125248-1-768x576.jpg 768w, https:\/\/blogs.cpnl.cat\/sarriaambgracia\/files\/2023\/10\/IMG_20231021_125248-1-1536x1152.jpg 1536w, https:\/\/blogs.cpnl.cat\/sarriaambgracia\/files\/2023\/10\/IMG_20231021_125248-1-2048x1536.jpg 2048w\" sizes=\"auto, (max-width: 300px) 100vw, 300px\" \/><\/p>\n<p>&nbsp;<\/p>\n<blockquote class=\"wp-embedded-content\" data-secret=\"3d0rSK37kx\"><p><a href=\"https:\/\/gegantsdegracia.cat\/la-colla\/adhesions\/coordinadora-de-colles-de-cultura-de-gracia-cccg\/\">Coordinadora de Colles de Cultura de Gr\u00e0cia (CCCG)<\/a><\/p><\/blockquote>\n<p><iframe loading=\"lazy\" class=\"wp-embedded-content\" sandbox=\"allow-scripts\" security=\"restricted\" style=\"position: absolute; clip: rect(1px, 1px, 1px, 1px);\" title=\"&#8220;Coordinadora de Colles de Cultura de Gr\u00e0cia (CCCG)&#8221; &#8212; Gegants de Gr\u00e0cia\" src=\"https:\/\/gegantsdegracia.cat\/la-colla\/adhesions\/coordinadora-de-colles-de-cultura-de-gracia-cccg\/embed\/#?secret=3d0rSK37kx\" data-secret=\"3d0rSK37kx\" width=\"500\" height=\"282\" frameborder=\"0\" marginwidth=\"0\" marginheight=\"0\" scrolling=\"no\"><\/iframe><\/p>\n<p>festamajordegr\u00e0cia.cat<\/p>\n","protected":false},"excerpt":{"rendered":"<p>Dissabte, 21 d&#8217;octubre, un grup d&#8217;alumnes de nivell b\u00e0sic de l&#8217;associaci\u00f3 Mujeres Migrantes Diversas van participar de la trobada de les colles de cultura popular de Gr\u00e0cia a la pla\u00e7a de la Virreina, amb motiu del 5\u00e8 aniversari de l&#8217;\u00c0liga de Gr\u00e0cia. S&#8217;ho van passar molt b\u00e9 veient el ball de l&#8217;\u00c0liga, el Bou, el [&hellip;]<\/p>\n","protected":false},"author":527,"featured_media":0,"comment_status":"open","ping_status":"closed","sticky":false,"template":"","format":"standard","meta":{"ngg_post_thumbnail":0,"footnotes":""},"categories":[6,77424],"tags":[],"class_list":["post-5005","post","type-post","status-publish","format-standard","hentry","category-general","category-lespai-dels-professors"],"_links":{"self":[{"href":"https:\/\/blogs.cpnl.cat\/sarriaambgracia\/index.php?rest_route=\/wp\/v2\/posts\/5005","targetHints":{"allow":["GET"]}}],"collection":[{"href":"https:\/\/blogs.cpnl.cat\/sarriaambgracia\/index.php?rest_route=\/wp\/v2\/posts"}],"about":[{"href":"https:\/\/blogs.cpnl.cat\/sarriaambgracia\/index.php?rest_route=\/wp\/v2\/types\/post"}],"author":[{"embeddable":true,"href":"https:\/\/blogs.cpnl.cat\/sarriaambgracia\/index.php?rest_route=\/wp\/v2\/users\/527"}],"replies":[{"embeddable":true,"href":"https:\/\/blogs.cpnl.cat\/sarriaambgracia\/index.php?rest_route=%2Fwp%2Fv2%2Fcomments&post=5005"}],"version-history":[{"count":0,"href":"https:\/\/blogs.cpnl.cat\/sarriaambgracia\/index.php?rest_route=\/wp\/v2\/posts\/5005\/revisions"}],"wp:attachment":[{"href":"https:\/\/blogs.cpnl.cat\/sarriaambgracia\/index.php?rest_route=%2Fwp%2Fv2%2Fmedia&parent=5005"}],"wp:term":[{"taxonomy":"category","embeddable":true,"href":"https:\/\/blogs.cpnl.cat\/sarriaambgracia\/index.php?rest_route=%2Fwp%2Fv2%2Fcategories&post=5005"},{"taxonomy":"post_tag","embeddable":true,"href":"https:\/\/blogs.cpnl.cat\/sarriaambgracia\/index.php?rest_route=%2Fwp%2Fv2%2Ftags&post=5005"}],"curies":[{"name":"wp","href":"https:\/\/api.w.org\/{rel}","templated":true}]}}