{"id":5008,"date":"2023-10-25T19:11:05","date_gmt":"2023-10-25T18:11:05","guid":{"rendered":"https:\/\/blogs.cpnl.cat\/sarriaambgracia\/?p=5008"},"modified":"2023-10-25T19:11:05","modified_gmt":"2023-10-25T18:11:05","slug":"celebracio-del-dia-internacional-de-la-llengua-romani","status":"publish","type":"post","link":"https:\/\/blogs.cpnl.cat\/sarriaambgracia\/?p=5008","title":{"rendered":"Celebraci\u00f3 del Dia Internacional de la Llengua Roman\u00ed"},"content":{"rendered":"<p>&nbsp;<\/p>\n<p>El dia 5 de novembre se celebra el Dia Internacional de la Llengua Roman\u00ed.<\/p>\n<p>Per commemorar-ho, el divendres 4 de novembre, a les 8 del vespre, hi haur\u00e0 sessi\u00f3 especial de cinema roman\u00ed a la Filmoteca de Catalunya, amb la projecci\u00f3 de <em>Flames de D\u00e9u<\/em> del director de cinema Mehakai Wolf.<\/p>\n<p><img loading=\"lazy\" decoding=\"async\" class=\"alignnone size-medium wp-image-5009\" src=\"https:\/\/blogs.cpnl.cat\/sarriaambgracia\/files\/2023\/10\/IMG-20231025-WA0000-300x148.jpg\" alt=\"\" width=\"300\" height=\"148\" srcset=\"https:\/\/blogs.cpnl.cat\/sarriaambgracia\/files\/2023\/10\/IMG-20231025-WA0000-300x148.jpg 300w, https:\/\/blogs.cpnl.cat\/sarriaambgracia\/files\/2023\/10\/IMG-20231025-WA0000-1024x504.jpg 1024w, https:\/\/blogs.cpnl.cat\/sarriaambgracia\/files\/2023\/10\/IMG-20231025-WA0000-768x378.jpg 768w, https:\/\/blogs.cpnl.cat\/sarriaambgracia\/files\/2023\/10\/IMG-20231025-WA0000.jpg 1080w\" sizes=\"auto, (max-width: 300px) 100vw, 300px\" \/><\/p>\n<p><a href=\"https:\/\/ajuntament.barcelona.cat\/consell-municipal-poble-gitano\/ca\/qui-som\">Consell Municipal del Poble Gitano de Barcelona&nbsp;<\/a><\/p>\n<p><a href=\"https:\/\/eriac.org\/\">Eriac<\/a><\/p>\n","protected":false},"excerpt":{"rendered":"<p>&nbsp; El dia 5 de novembre se celebra el Dia Internacional de la Llengua Roman\u00ed. Per commemorar-ho, el divendres 4 de novembre, a les 8 del vespre, hi haur\u00e0 sessi\u00f3 especial de cinema roman\u00ed a la Filmoteca de Catalunya, amb la projecci\u00f3 de Flames de D\u00e9u del director de cinema Mehakai Wolf. Consell Municipal del [&hellip;]<\/p>\n","protected":false},"author":527,"featured_media":0,"comment_status":"open","ping_status":"closed","sticky":false,"template":"","format":"standard","meta":{"ngg_post_thumbnail":0,"footnotes":""},"categories":[6],"tags":[],"class_list":["post-5008","post","type-post","status-publish","format-standard","hentry","category-general"],"_links":{"self":[{"href":"https:\/\/blogs.cpnl.cat\/sarriaambgracia\/index.php?rest_route=\/wp\/v2\/posts\/5008","targetHints":{"allow":["GET"]}}],"collection":[{"href":"https:\/\/blogs.cpnl.cat\/sarriaambgracia\/index.php?rest_route=\/wp\/v2\/posts"}],"about":[{"href":"https:\/\/blogs.cpnl.cat\/sarriaambgracia\/index.php?rest_route=\/wp\/v2\/types\/post"}],"author":[{"embeddable":true,"href":"https:\/\/blogs.cpnl.cat\/sarriaambgracia\/index.php?rest_route=\/wp\/v2\/users\/527"}],"replies":[{"embeddable":true,"href":"https:\/\/blogs.cpnl.cat\/sarriaambgracia\/index.php?rest_route=%2Fwp%2Fv2%2Fcomments&post=5008"}],"version-history":[{"count":0,"href":"https:\/\/blogs.cpnl.cat\/sarriaambgracia\/index.php?rest_route=\/wp\/v2\/posts\/5008\/revisions"}],"wp:attachment":[{"href":"https:\/\/blogs.cpnl.cat\/sarriaambgracia\/index.php?rest_route=%2Fwp%2Fv2%2Fmedia&parent=5008"}],"wp:term":[{"taxonomy":"category","embeddable":true,"href":"https:\/\/blogs.cpnl.cat\/sarriaambgracia\/index.php?rest_route=%2Fwp%2Fv2%2Fcategories&post=5008"},{"taxonomy":"post_tag","embeddable":true,"href":"https:\/\/blogs.cpnl.cat\/sarriaambgracia\/index.php?rest_route=%2Fwp%2Fv2%2Ftags&post=5008"}],"curies":[{"name":"wp","href":"https:\/\/api.w.org\/{rel}","templated":true}]}}