{"id":5010,"date":"2023-10-26T13:27:59","date_gmt":"2023-10-26T12:27:59","guid":{"rendered":"https:\/\/blogs.cpnl.cat\/sarriaambgracia\/?p=5010"},"modified":"2023-10-26T15:31:17","modified_gmt":"2023-10-26T14:31:17","slug":"trobada-dun-curs-de-nivell-basic-amb-els-castellers-de-la-vila-de-gracia","status":"publish","type":"post","link":"https:\/\/blogs.cpnl.cat\/sarriaambgracia\/?p=5010","title":{"rendered":"Trobada d&#8217;un curs de nivell b\u00e0sic amb els Castellers de la Vila de Gr\u00e0cia"},"content":{"rendered":"<blockquote><p>El 25 d&#8217;octubre, un grup d&#8217;alumnes d&#8217;un curs de nivell b\u00e0sic va anar a l&#8217;Espai Cultural Can Mussons a participar en l&#8217;assaig dels Castellers de la Vila de Gr\u00e0cia.<\/p><\/blockquote>\n<p>El grup d&#8217;acollida dels Castellers va rebre els alumnes i els va fer una explicaci\u00f3 de l&#8217;origen i els aspectes m\u00e9s t\u00e8cnics relacionats amb els castells. Tot seguit, van assistir a l&#8217;assaig, i alguns fins i tot es van enfaixar i van fer pinya. S&#8217;ho van passar d&#8217;all\u00f2 m\u00e9s b\u00e9 i ho van trobar molt interessant.<\/p>\n<p>&nbsp;<\/p>\n<p><img loading=\"lazy\" decoding=\"async\" class=\"alignnone wp-image-5011 size-thumbnail\" src=\"https:\/\/blogs.cpnl.cat\/sarriaambgracia\/files\/2023\/10\/IMG-20231026-WA0006-150x150.jpg\" alt=\"\" width=\"150\" height=\"150\"><img loading=\"lazy\" decoding=\"async\" class=\"alignnone wp-image-5012 size-thumbnail\" src=\"https:\/\/blogs.cpnl.cat\/sarriaambgracia\/files\/2023\/10\/IMG-20231026-WA0005-150x150.jpg\" alt=\"\" width=\"150\" height=\"150\"><img loading=\"lazy\" decoding=\"async\" class=\"wp-image-5013 size-thumbnail aligncenter\" src=\"https:\/\/blogs.cpnl.cat\/sarriaambgracia\/files\/2023\/10\/IMG-20231026-WA0004-150x150.jpg\" alt=\"\" width=\"150\" height=\"150\"><\/p>\n<div><a href=\"https:\/\/cvg.cat\/\">Castellers de la Vila de Gr\u00e0cia (cvg.cat)<\/a><\/div>\n","protected":false},"excerpt":{"rendered":"<p>El 25 d&#8217;octubre, un grup d&#8217;alumnes d&#8217;un curs de nivell b\u00e0sic va anar a l&#8217;Espai Cultural Can Mussons a participar en l&#8217;assaig dels Castellers de la Vila de Gr\u00e0cia. El grup d&#8217;acollida dels Castellers va rebre els alumnes i els va fer una explicaci\u00f3 de l&#8217;origen i els aspectes m\u00e9s t\u00e8cnics relacionats amb els castells. [&hellip;]<\/p>\n","protected":false},"author":527,"featured_media":0,"comment_status":"open","ping_status":"closed","sticky":false,"template":"","format":"standard","meta":{"ngg_post_thumbnail":0,"footnotes":""},"categories":[6],"tags":[],"class_list":["post-5010","post","type-post","status-publish","format-standard","hentry","category-general"],"_links":{"self":[{"href":"https:\/\/blogs.cpnl.cat\/sarriaambgracia\/index.php?rest_route=\/wp\/v2\/posts\/5010","targetHints":{"allow":["GET"]}}],"collection":[{"href":"https:\/\/blogs.cpnl.cat\/sarriaambgracia\/index.php?rest_route=\/wp\/v2\/posts"}],"about":[{"href":"https:\/\/blogs.cpnl.cat\/sarriaambgracia\/index.php?rest_route=\/wp\/v2\/types\/post"}],"author":[{"embeddable":true,"href":"https:\/\/blogs.cpnl.cat\/sarriaambgracia\/index.php?rest_route=\/wp\/v2\/users\/527"}],"replies":[{"embeddable":true,"href":"https:\/\/blogs.cpnl.cat\/sarriaambgracia\/index.php?rest_route=%2Fwp%2Fv2%2Fcomments&post=5010"}],"version-history":[{"count":0,"href":"https:\/\/blogs.cpnl.cat\/sarriaambgracia\/index.php?rest_route=\/wp\/v2\/posts\/5010\/revisions"}],"wp:attachment":[{"href":"https:\/\/blogs.cpnl.cat\/sarriaambgracia\/index.php?rest_route=%2Fwp%2Fv2%2Fmedia&parent=5010"}],"wp:term":[{"taxonomy":"category","embeddable":true,"href":"https:\/\/blogs.cpnl.cat\/sarriaambgracia\/index.php?rest_route=%2Fwp%2Fv2%2Fcategories&post=5010"},{"taxonomy":"post_tag","embeddable":true,"href":"https:\/\/blogs.cpnl.cat\/sarriaambgracia\/index.php?rest_route=%2Fwp%2Fv2%2Ftags&post=5010"}],"curies":[{"name":"wp","href":"https:\/\/api.w.org\/{rel}","templated":true}]}}